{"id":16595,"date":"2023-03-19T22:49:59","date_gmt":"2023-03-19T21:49:59","guid":{"rendered":"https:\/\/irv.abstractioncreative.com\/?p=16595"},"modified":"2025-06-19T14:05:27","modified_gmt":"2025-06-19T12:05:27","slug":"kunstmuseen-und-ausstellungen-auf-ibiza","status":"publish","type":"post","link":"https:\/\/ibizaruralvillas.com\/de\/kunstmuseen-und-ausstellungen-auf-ibiza\/","title":{"rendered":"Kunstmuseen und Ausstellungen auf Ibiza"},"content":{"rendered":"<p>Neben der Sonne, den Partys und dem Strand gibt es auf Ibiza viele kulturelle Angebote. Ibiza ist eine Wiege der Kultur und Nationalit\u00e4t. Die Museen und Galerien von Ibiza spiegeln diese unglaubliche K\u00fcnstler- und Stilvielfalt wider. Das Licht der Insel und der freie b\u00f6hmische Lebensstil haben viele Intellektuelle, Schriftsteller, Maler, Fotografen, Filmemacher und Bildhauer angezogen, die die Insel zu ihrer Trauminsel gemacht haben.<\/p>\n<p>Es gibt viele <strong>Museen auf Ibiza<\/strong>, die einen Besuch wert sind, die meisten davon in Ibiza (Stadt) und insbesondere in Dalt Vila. Nachfolgend zeigen wir die wichtigsten und herausragendsten:<\/p>\n<h2>MUSEEN<\/h2>\n<h2>1. Das <strong>Museum f\u00fcr zeitgen\u00f6ssische Kunst von Eivissa, oder MACE<\/strong>.<\/h2>\n<p><strong><br \/>\n<a href=\"https:\/\/www.flickr.com\/photos\/100759833@N05\" target=\"_blank\" rel=\"noopener\">https:\/\/www.flickr.com\/photos\/100759833@N05<\/a>\u00a0, Santiago L\u00f3pez Pastor<\/strong><\/p>\n<p>In Dalt Vila ist es einer der avantgardistischsten Orte der Insel und umfasst Werke von Spitzenk\u00fcnstlern.<\/p>\n<p><strong>Adresse:<\/strong> Ronda de Narc\u00eds Puget, s\/n &#8211; Ibiza<br \/>\n<strong>Telefon<\/strong>: 971 39 21 37<br \/>\n<strong>Web<\/strong>:\u00a0<a href=\"https:\/\/www.eivissa.es\/mace\/index.php\/ca\/\" target=\"_blank\" rel=\"noopener\">http:\/\/www.mace.eivissa.es<br \/>\n<\/a><strong>Preis:\u00a0<\/strong>kostenlos<\/p>\n<p><strong>\u00d6ffnungszeiten<\/strong><\/p>\n<p><strong>April \/ Mai \/ Juni \/ September <\/strong><\/p>\n<p>Dienstag bis Sonntag 10:00-14:00 Uhr<\/p>\n<p>Dienstag bis Freitag 17:00-20:00 Uhr<\/p>\n<p><strong>April \/ Mai \/ Juni \/ September <\/strong><\/p>\n<p>Dienstag bis Sonntag 10:00-14:00 Uhr<\/p>\n<p>Dienstag bis Freitag 18:00-21:00 Uhr<\/p>\n<p><strong>Oktober \/ M\u00e4rz<\/strong><\/p>\n<p>Dienstag bis Freitag 10:00-16:30 Uhr<\/p>\n<p>Samstag bis Sonntag 10:00-14:00 Uhr<\/p>\n<p>Immer am Montag geschlossen.<\/p>\n<h2>2. Puget Museum<\/h2>\n<p><a href=\"https:\/\/www.flickr.com\/photos\/juanpacheco\/\" target=\"_blank\" rel=\"noopener\">https:\/\/www.flickr.com\/photos\/juanpacheco\/<\/a>\u00a0, Juan Pacheco<\/p>\n<p>In unmittelbarer N\u00e4he des Museums f\u00fcr zeitgen\u00f6ssische Kunst und in einem wundersch\u00f6nen Palast befindet sich das <strong>Puget Museum<\/strong>, das den Werken der ibizenkischen K\u00fcnstler Puget Vi\u00f1as und Puget Riquer gewidmet ist.<\/p>\n<p><strong>Adresse:<\/strong> Carrer Major, 12, 07800 Eivissa<br \/>\n<strong>Telefon<\/strong>: 971 39 21 37<br \/>\n<strong>Web<\/strong>:\u00a0<a href=\"http:\/\/www.eivissa.es\/portal\/index.php\/es\/museos\/8700-museo-puget\" target=\"_blank\" rel=\"noopener\"> http:\/\/www.eivissa.es\/portal\/index.php\/es\/museos\/8700-museo-puget<br \/>\n<\/a><strong>Preis:\u00a0<\/strong>kostenlos<\/p>\n<p><strong>\u00d6ffnungszeiten<\/strong><\/p>\n<p><strong>April \/ Mai \/ Juni \/ September <\/strong><\/p>\n<p>Dienstag bis Sonntag 10:00-14:00 Uhr<\/p>\n<p>Dienstag bis Freitag 17:00-20:00 Uhr<\/p>\n<p><strong>Juli \/ August <\/strong><\/p>\n<p>Dienstag bis Sonntag 10:00-14:00 Uhr<\/p>\n<p>Dienstag bis Freitag 18:00-21:00 Uhr<\/p>\n<p><strong>Oktober \/ M\u00e4rz<\/strong><\/p>\n<p>Dienstag bis Freitag 10:00-16:30 Uhr<\/p>\n<p>Samstag bis Sonntag 10:00-14:00 Uhr<\/p>\n<p>Immer am Montag geschlossen.<\/p>\n<h2>3.\u00a0<strong>Arch\u00e4ologisches Museum von Ibiza<\/strong><\/h2>\n<p><strong><br \/>\n<a href=\"https:\/\/www.flickr.com\/photos\/100759833@N05\" target=\"_blank\" rel=\"noopener\">https:\/\/www.flickr.com\/photos\/100759833@N05<\/a>\u00a0, Santiago L\u00f3pez Pastor<\/strong><\/p>\n<p>Es gibt zwei Standorte, einen in Dalt Vila neben den beiden vorherigen und einen weiteren in der <strong>ph\u00f6nizischen Nekropolis von Puig des Molins<\/strong>. Die Nekropolis von Ibiza geht auf das 7. Jahrhundert v. Chr. zur\u00fcck und gilt als die wichtigste im westlichen Mittelmeerraum.<\/p>\n<p><strong>DALT VILA STANDORT<\/strong><\/p>\n<p><strong>Adresse:<\/strong>\u00a0Plaza de la Catedral, s\/n &#8211; Dalt Vila<br \/>\n<strong>Telefon:<\/strong>\u00a0301 771 37<br \/>\n<strong>Web<\/strong>:\u00a0<a href=\"https:\/\/turismo.eivissa.es\/que-ver\/visitas-culturales\/museos\/museo-arqueologico\/\" target=\"_blank\" rel=\"noopener\">https:\/\/turismo.eivissa.es\/que-ver\/visitas-culturales\/museos\/museo-arqueologico\/<br \/>\n<\/a><strong>Preis:\u00a0<\/strong>Eingang: 2,40\u20ac<\/p>\n<p>Studenten, Gruppen von mehr als 15 Personen (buchen), &#8222;amigos de los museos&#8220;: 1,20\u20ac<\/p>\n<p>Kinder unter 18 Jahren, Rentner, Journalisten und Lehrer: kostenlos.<\/p>\n<p><strong>\u00d6ffnungszeiten<\/strong><\/p>\n<p><strong>Winter: 1\/Oktober bis 31\/M\u00e4rz<\/strong><br \/>\n9.00-15.00<\/p>\n<p><strong>Sommer 1\/Apr bis 30\/Sep<\/strong><br \/>\n10.00-14.00 und 18.00-20.00<\/p>\n<p><strong>Sonntags: 10:00-14:00<\/strong><\/p>\n<p>(Geschlossen an Montagen und Feiertagen)<\/p>\n<p><strong>PUIG DES MOLINS<\/strong><\/p>\n<p><strong>Adresse:<\/strong> V\u00eda Romana, 31 &#8211; Ibiza<br \/>\n<strong>Telefon<\/strong>: 301 771 37<br \/>\n<strong>Web<\/strong>:\u00a0<a href=\"https:\/\/maef.eu\/museo-puig-des-molins\/\" target=\"_blank\" rel=\"noopener\">https:\/\/maef.eu\/museo-puig-des-molins\/<br \/>\n<\/a><strong>Preis:\u00a0<\/strong>Eingang: 2,40\u20ac<\/p>\n<p>Studenten, Gruppen von mehr als 15 Personen (buchen), &#8222;amigos de los museos&#8220;: 1,20\u20ac<\/p>\n<p>Kinder unter 18 Jahren, Rentner, Journalisten und Lehrer: kostenlos.<\/p>\n<p><strong>\u00d6ffnungszeiten<\/strong><\/p>\n<p><strong>Winter: 1\/Oktober bis 31\/M\u00e4rz<\/strong><br \/>\n9.00-15.00<\/p>\n<p><strong>Sommer 1\/Apr bis30\/Sep<\/strong><br \/>\n10.00-14.00 und 18.00-20.00<\/p>\n<p><strong>Sonntags: 10:00-14:00\u00a0<\/strong><\/p>\n<p>(Geschlossen an Montagen und Feiertagen)<\/p>\n<h2>4. Interpretationszentrum Madina Yabisa<\/h2>\n<p>Ein weiterer Ort, der einen Besuch verdient, ist das <strong>Interpretationszentrum Madina Yabisa<\/strong>, das \u00fcber die muslimische \u00c4ra Ibizas spricht.<\/p>\n<p><strong>Adresse:\u00a0<\/strong>Carrer\u00f3 de la Soledat, 2, 07800 Eivissa<strong><br \/>\nTelefon<\/strong>: 971 39 23 90<br \/>\n<strong>Web<\/strong>:\u00a0<a href=\"https:\/\/www.eivissa.es\/portal\/index.php\/es\/museos\/8702-madina-yabisa-curia\" target=\"_blank\" rel=\"noopener\">https:\/\/www.eivissa.es\/portal\/index.php\/es\/museos\/8702-madina-yabisa-curia<br \/>\n<\/a><strong>Preis<\/strong>: 2\u20ac<\/p>\n<p>Sch\u00fcler und Gruppen: 1.50 \u20ac<\/p>\n<p>Minderj\u00e4hrige &lt; 12 Jahre und Erwachsene &gt; 65 Jahre: kostenlos<\/p>\n<p>Einwohner: kostenlos<\/p>\n<h2>5.\u00a0<strong>Di\u00f6zesanmuseum<\/strong><\/h2>\n<p>Es befindet sich in der Kathedrale von Ibiza (auch in Dalt Vila). Unten in der Gegend von Sa Penya.<br \/>\n<strong>Adresse:<\/strong> Pla\u00e7a de la Catedral, 1. Eivissa<br \/>\n<strong>Telefon:<\/strong>\u00a0971 312 773<br \/>\n<strong>Preis<\/strong>: 1\u20ac<\/p>\n<p><strong>\u00d6ffnungszeiten<\/strong><\/p>\n<p>Von Dienstag bis Samstag von 10 bis 13.30 Uhr<\/p>\n<p>Im Fr\u00fchjahr und Sommer ist es nachmittags von Dienstag bis Samstag von 17 bis 20 Uhr ge\u00f6ffnet.<\/p>\n<h2>6. Das <strong>Broner Haus<\/strong><\/h2>\n<p>Im historischen Zentrum von Ibiza (Stadt) befindet sich auch das <strong>Broner Haus<\/strong>, ein Museumsraum, der von dem deutschen Architekten und Maler Erwin Broner entworfen wurde, der viele Jahre auf der Insel lebte.<\/p>\n<p><strong>Adresse:<\/strong> Carrer\u00f3 de la Soledat, 3, 07800 Eivissa<br \/>\n<strong>Telefon:<\/strong>\u00a0312 773 37<br \/>\n<strong>Web<\/strong>:\u00a0<a href=\"https:\/\/www.eivissa.es\/portal\/index.php\/es\/museos\/8678-casa-ebroner\" target=\"_blank\" rel=\"noopener\">https:\/\/www.eivissa.es\/portal\/index.php\/es\/museos\/8678-casa-ebroner<\/a><br \/>\n<strong>Preis<\/strong>: kostenlos (nicht zug\u00e4nglich f\u00fcr behinderte Menschen)<\/p>\n<p><strong>\u00d6ffnungszeiten<\/strong><\/p>\n<p><strong>April \/ Mai \/ Juni \/ September <\/strong><\/p>\n<p>Dienstag bis Sonntag 10:00-14:00 Uhr<\/p>\n<p>Dienstag bis Freitag 17:00-20:00 Uhr<\/p>\n<p><strong>Juli \/ August <\/strong><\/p>\n<p>Dienstag bis Sonntag 10:00-14:00 Uhr<\/p>\n<p>Dienstag bis Freitag 18:00-21:00 Uhr<\/p>\n<p><strong>Oktober \/ M\u00e4rz<\/strong><\/p>\n<p>Dienstag bis Freitag 10:00-14:00 Uhr<\/p>\n<p>Samstag bis Sonntag 10:00-14:00 Uhr<\/p>\n<p>(Geschlossen an Montagen und Feiertagen)<\/p>\n<h2>7.\u00a0<strong>Ethnographisches Museum von Ibiza<\/strong><\/h2>\n<p><strong><\/strong><\/p>\n<p>In Santa Eulalia ist das <strong>Ethnographische Museum von Ibiza<\/strong> zu erw\u00e4hnen, das sich in einem wundersch\u00f6nen, mehr als 300 Jahre alten Landhaus befindet, wo man die traditionellen Kleider und Utensilien der Insel betrachten kann, um mehr \u00fcber ihre Geschichte zu erfahren.<\/p>\n<p><strong>Adresse:<\/strong>\u00a0Av. Pare Guasch, 07840 Santa Eul\u00e0ria des Riu, Illes Balears<br \/>\n<strong>Telefon:<\/strong>\u00a0971 33 28 45<br \/>\n<strong>Web<\/strong>:\u00a0<a href=\"http:\/\/www.santaeulalia.net\/index.php\/es\/parroquias\/santa-eularia-des-riu\/museo-de-etnografia\" target=\"_blank\" rel=\"noopener\">https:\/\/www.eivissa.es\/portal\/index.php\/es\/museos\/8678-casa-ebroner<\/a><br \/>\n<strong>Preis<\/strong>: kostenlos (nicht zug\u00e4nglich f\u00fcr behinderte Menschen)<\/p>\n<p><strong>\u00d6ffnungszeiten<\/strong><\/p>\n<p><strong>Vom 1. Oktober bis 31. M\u00e4rz<\/strong><\/p>\n<p>Dienstag bis Samstag von 10 bis 14 Uhr und sonntags von 11 bis 13.30 Uhr.<br \/>\nGeschlossen an Montagen und Feiertagen sowie vom 20. Dezember bis 20. Januar.<\/p>\n<p><strong>Vom 1. April bis 30. September<\/strong><\/p>\n<p>Montag bis Samstag von 10 bis 14 Uhr und von 17.30 bis 20 Uhr, sonntags von 11 bis 13.30 Uhr.<br \/>\nAn Feiertagen geschlossen.<\/p>\n<p>&nbsp;<\/p>\n<h2>KUNSTGALERIEN UND AUSSTELLUNGEN<\/h2>\n<p>Neben den Museen verf\u00fcgt Ibiza \u00fcber eine gro\u00dfe Anzahl von Kunstgalerien und Ausstellungsr\u00e4umen. Bars, Restaurants, Hotels und andere Gesch\u00e4fte zeigen Werke vieler K\u00fcnstler. Hier sind einige davon:<\/p>\n<h3>1.\u00a0<a href=\"https:\/\/www.od-hotels.com\/ocean-drive-ibiza\/\" target=\"_blank\" rel=\"noopener\">Das\u00a0<strong>OD Ocean Drive<\/strong>\u00a0Hotel in Talamanca<\/a><\/h3>\n<h3><strong>2.\u00a0<\/strong><a href=\"https:\/\/www.cantixedo.com\/es\/\" target=\"_blank\" rel=\"noopener\">Can Tixedo<\/a><strong><u><a href=\"https:\/\/www.cantixedo.com\/es\/\" target=\"_blank\" rel=\"noopener\">\u00f3\u00a0Art Caf\u00e9\u00a0in Buscastell<\/a><\/u><\/strong><\/h3>\n<h3><strong>3.\u00a0<\/strong><a href=\"https:\/\/www.facebook.com\/login\/?next=https%3A%2F%2Fwww.facebook.com%2Fcanjordibluesstation%2F\" target=\"_blank\" rel=\"noopener\">Can Jordi Blues Station<\/a><a href=\"https:\/\/www.facebook.com\/login\/?next=https%3A%2F%2Fwww.facebook.com%2Fcanjordibluesstation%2F\" target=\"_blank\" rel=\"noopener\">\u00a0auf San Jos\u00e9 Stra\u00dfe<\/a><\/h3>\n<h3><strong>4.\u00a0<\/strong><a href=\"https:\/\/pachahotelibiza.com:443\/\" target=\"_blank\" rel=\"noopener\">Das Pacha Hotel<\/a><a href=\"https:\/\/pachahotelibiza.com:443\/\" target=\"_blank\" rel=\"noopener\">\u00a0in Marina Botafoch<\/a><\/h3>\n<h3>5.\u00a0<a href=\"https:\/\/www.facebook.com\/login\/?next=https%3A%2F%2Fwww.facebook.com%2Flacurvaibiza%2F\" target=\"_blank\" rel=\"noopener\">Das Tattoo-Studio\u00a0<strong>La Curva Ibiza<\/strong><\/a><\/h3>\n<h3><strong>6.\u00a0<\/strong><a href=\"https:\/\/www.lanavesalinas.org\/\" target=\"_blank\" rel=\"noopener\">La Nave Salinas<\/a><\/h3>\n<p>Besonders empfehlenswert ist der Besuch von La Nave Salinas, einem imposanten Ort, der k\u00fcrzlich vom Kunstsammler L\u00edo Malca er\u00f6ffnet wurde. W\u00e4hrend der Saison finden hier Ausstellungen auf h\u00f6chstem Niveau statt (Keith Haring und Bill Viola die letzten beiden Sommer). Am Strand von Las Salinas gelegen.<\/p>\n<h3>7.\u00a0<a href=\"http:\/\/www.espacio-micus.com\/\" target=\"_blank\" rel=\"noopener\">Espacio Micus<\/a><\/h3>\n<p>Ein weiterer sehr sch\u00f6ner Ort ist <strong>Espacio Micus<\/strong>, auf dem Weg von Jes\u00fas nach Cala Llonga. Dies ist eine unglaubliche Galerie f\u00fcr zeitgen\u00f6ssische Kunst, die nur sonntags (und Werktags nach Vereinbarung) ge\u00f6ffnet ist.<\/p>\n<p>Dar\u00fcber hinaus k\u00f6nnen Sie das ganze Jahr \u00fcber Kunstausstellungen besuchen. Hier sind unsere Empfehlungen.<\/p>\n<h2>KUNSTAUSSTELLUNG DAS GANZE JAHR \u00dcBER<\/h2>\n<h3>1.\u00a0<a href=\"https:\/\/www.palaciocongresosibiza.com\/\" target=\"_blank\" rel=\"noopener\">Ibizas Kongresspalast<\/a><\/h3>\n<p>In Santa Eulalia<\/p>\n<h3>2.\u00a0<a href=\"http:\/\/www.santantoni.net\/portalSanAntoni\/p_20_contenedor1.jsp?seccion=s_floc_d4_v1.jsp&amp;codbusqueda=181&amp;language=es&amp;codResi=1&amp;codMenuPN=4&amp;codMenuSN=103&amp;codMenuTN=235&amp;codMenu=219&amp;layout=p_20_contenedor1.jsp\" target=\"_blank\" rel=\"noopener\">Sa Punta des Mol\u00ed<\/a>\u00a0oder\u00a0<a href=\"https:\/\/farsdebalears.com\/es\" target=\"_blank\" rel=\"noopener\">Faro de Ses Coves Blanques<\/a><\/h3>\n<p>Beide in San Antonio<\/p>\n<h3>3.\u00a0<a href=\"https:\/\/www.santjosep.org\/es\/tu-municipio\/cultura-y-patrimonio\/can-curt\/\" target=\"_blank\" rel=\"noopener\">Can Curt<\/a><\/h3>\n<p>In San Agust\u00edn<\/p>\n<h3>4.\u00a0<a href=\"https:\/\/www.facebook.com\/centroculturaljesus\/\" target=\"_blank\" rel=\"noopener\">Das Kulturzentrum von Jesus<\/a><\/h3>\n<h3>5.\u00a0<a href=\"https:\/\/www.facebook.com\/login\/?next=https%3A%2F%2Fwww.facebook.com%2Fsanostrasalasaladecultura%2F\" target=\"_blank\" rel=\"noopener\">Sa Nostra Sala<\/a><\/h3>\n<p>In Ibiza (Stadt)<\/p>\n<h3>6.\u00a0<a href=\"https:\/\/www.facebook.com\/login\/?next=https%3A%2F%2Fwww.facebook.com%2FVentana-Contemporary-1592039937733727%2F\" target=\"_blank\" rel=\"noopener\">Ventana Contemporary<\/a><\/h3>\n<p>In Marina Botafoch.<\/p>\n<h3>7.\u00a0<a href=\"http:\/\/www.santjosep.org\/es\/tu-municipio\/cultura-y-patrimonio\/can-jeroni\/\" target=\"_blank\" rel=\"noopener\">Can Jeroni<\/a><\/h3>\n<p>In San Jos\u00e9<\/p>\n<h3>8.\u00a0La Sala de Exposiciones<\/h3>\n<p>In Santa Eulalia<\/p>\n<h3>9.\u00a0<a href=\"http:\/\/fundaciobalearia.org\/espacios\/\" target=\"_blank\" rel=\"noopener\">Es Polvor\u00ed<\/a><\/h3>\n<p>Der Salon, der die Stiftung Bale\u00e0ria in Dalt Vila verwaltet.<\/p>\n<h3>10.\u00a0<a href=\"http:\/\/www.b12gallery.com\/\" target=\"_blank\" rel=\"noopener\">B12 The Gallery<\/a><\/h3>\n<p>Innovativer Club, der sowohl im Winter als auch im Sommer ge\u00f6ffnet ist.<\/p>\n<h3>11.<a href=\"https:\/\/es-la.facebook.com\/login\/?next=https%3A%2F%2Fes-la.facebook.com%2Fgardenartgalleryibiza%2F\" target=\"_blank\" rel=\"noopener\">Garden Art Galerie Ibiza<\/a><\/h3>\n<p>Die sch\u00f6ne offene Galerie, die sich in einer fantastischen Kaktusbaumschule bei Porroig (San Jos\u00e9) befindet.<\/p>\n<h3>12.\u00a0<a href=\"https:\/\/www.parra-romero.com\/\" target=\"_blank\" rel=\"noopener\">La sucursal<\/a><\/h3>\n<p>Im Besitz der renommierten Madrider Galerie <strong>Parra &amp; Romero<\/strong>, die in Santa Gertrudis untergebracht ist.<\/p>\n<h3>13.\u00a0<a href=\"https:\/\/club.diariodeibiza.es\/\" target=\"_blank\" rel=\"noopener\">Ibizas Tagebuchclub<\/a><\/h3>\n<h3>14.\u00a0<a href=\"https:\/\/www.partibiza.com\/\" target=\"_blank\" rel=\"noopener\">P-Galerie | Art Ibiza<\/a><\/h3>\n<p>In Ca Na Negreta, das Werke f\u00fchrender internationaler K\u00fcnstler beherbergt.<\/p>\n","protected":false},"excerpt":{"rendered":"<p>Neben der Sonne, den Partys und dem Strand gibt es auf Ibiza viele kulturelle Angebote. Ibiza ist eine Wiege der Kultur und Nationalit\u00e4t. Die Museen und Galerien von Ibiza spiegeln diese unglaubliche K\u00fcnstler- und Stilvielfalt wider. Das Licht der Insel und der freie b\u00f6hmische Lebensstil haben viele Intellektuelle, Schriftsteller, Maler, Fotografen, Filmemacher und Bildhauer angezogen, [&hellip;]<\/p>\n","protected":false},"author":6,"featured_media":16590,"comment_status":"open","ping_status":"closed","sticky":false,"template":"","format":"standard","meta":{"_acf_changed":false,"site-sidebar-layout":"default","site-content-layout":"default","ast-site-content-layout":"default","site-content-style":"default","site-sidebar-style":"default","ast-global-header-display":"","ast-banner-title-visibility":"","ast-main-header-display":"","ast-hfb-above-header-display":"","ast-hfb-below-header-display":"","ast-hfb-mobile-header-display":"","site-post-title":"","ast-breadcrumbs-content":"","ast-featured-img":"","footer-sml-layout":"","ast-disable-related-posts":"","theme-transparent-header-meta":"default","adv-header-id-meta":"","stick-header-meta":"","header-above-stick-meta":"","header-main-stick-meta":"","header-below-stick-meta":"","astra-migrate-meta-layouts":"set","ast-page-background-enabled":"default","ast-page-background-meta":{"desktop":{"background-color":"var(--ast-global-color-4)","background-image":"","background-repeat":"repeat","background-position":"center center","background-size":"auto","background-attachment":"scroll","background-type":"","background-media":"","overlay-type":"","overlay-color":"","overlay-opacity":"","overlay-gradient":""},"tablet":{"background-color":"","background-image":"","background-repeat":"repeat","background-position":"center center","background-size":"auto","background-attachment":"scroll","background-type":"","background-media":"","overlay-type":"","overlay-color":"","overlay-opacity":"","overlay-gradient":""},"mobile":{"background-color":"","background-image":"","background-repeat":"repeat","background-position":"center center","background-size":"auto","background-attachment":"scroll","background-type":"","background-media":"","overlay-type":"","overlay-color":"","overlay-opacity":"","overlay-gradient":""}},"ast-content-background-meta":{"desktop":{"background-color":"var(--ast-global-color-5)","background-image":"","background-repeat":"repeat","background-position":"center center","background-size":"auto","background-attachment":"scroll","background-type":"","background-media":"","overlay-type":"","overlay-color":"","overlay-opacity":"","overlay-gradient":""},"tablet":{"background-color":"var(--ast-global-color-5)","background-image":"","background-repeat":"repeat","background-position":"center center","background-size":"auto","background-attachment":"scroll","background-type":"","background-media":"","overlay-type":"","overlay-color":"","overlay-opacity":"","overlay-gradient":""},"mobile":{"background-color":"var(--ast-global-color-5)","background-image":"","background-repeat":"repeat","background-position":"center center","background-size":"auto","background-attachment":"scroll","background-type":"","background-media":"","overlay-type":"","overlay-color":"","overlay-opacity":"","overlay-gradient":""}},"_joinchat":[],"footnotes":""},"categories":[56,62],"tags":[],"class_list":["post-16595","post","type-post","status-publish","format-standard","has-post-thumbnail","hentry","category-kultur","category-ibiza-de"],"acf":[],"featured_image_src":"https:\/\/ibizaruralvillas.com\/wp-content\/uploads\/2023\/03\/AdobeStock_555952429-1024x576.jpeg","_links":{"self":[{"href":"https:\/\/ibizaruralvillas.com\/de\/wp-json\/wp\/v2\/posts\/16595","targetHints":{"allow":["GET"]}}],"collection":[{"href":"https:\/\/ibizaruralvillas.com\/de\/wp-json\/wp\/v2\/posts"}],"about":[{"href":"https:\/\/ibizaruralvillas.com\/de\/wp-json\/wp\/v2\/types\/post"}],"author":[{"embeddable":true,"href":"https:\/\/ibizaruralvillas.com\/de\/wp-json\/wp\/v2\/users\/6"}],"replies":[{"embeddable":true,"href":"https:\/\/ibizaruralvillas.com\/de\/wp-json\/wp\/v2\/comments?post=16595"}],"version-history":[{"count":0,"href":"https:\/\/ibizaruralvillas.com\/de\/wp-json\/wp\/v2\/posts\/16595\/revisions"}],"wp:featuredmedia":[{"embeddable":true,"href":"https:\/\/ibizaruralvillas.com\/de\/wp-json\/wp\/v2\/media\/16590"}],"wp:attachment":[{"href":"https:\/\/ibizaruralvillas.com\/de\/wp-json\/wp\/v2\/media?parent=16595"}],"wp:term":[{"taxonomy":"category","embeddable":true,"href":"https:\/\/ibizaruralvillas.com\/de\/wp-json\/wp\/v2\/categories?post=16595"},{"taxonomy":"post_tag","embeddable":true,"href":"https:\/\/ibizaruralvillas.com\/de\/wp-json\/wp\/v2\/tags?post=16595"}],"curies":[{"name":"wp","href":"https:\/\/api.w.org\/{rel}","templated":true}]}}