{"id":31844,"date":"2026-01-10T13:26:02","date_gmt":"2026-01-10T12:26:02","guid":{"rendered":"https:\/\/ibizaruralvillas.com\/de\/beste-reisezeit-ibiza\/"},"modified":"2026-01-30T13:49:34","modified_gmt":"2026-01-30T12:49:34","slug":"beste-reisezeit-ibiza","status":"publish","type":"post","link":"https:\/\/ibizaruralvillas.com\/de\/de\/beste-reisezeit-ibiza\/","title":{"rendered":"Wann ist die beste Reisezeit f\u00fcr Ibiza?"},"content":{"rendered":"<p><p>Planen Sie Ihren Urlaub auf Ibiza und fragen sich, <strong>welche die beste Reisezeit f\u00fcr die Insel<\/strong> ist? Die Antwort h\u00e4ngt stark davon ab, was Sie suchen: ruhige Str\u00e4nde, legend\u00e4re Partys, g\u00fcnstigere Preise oder perfektes Wetter zum Erkunden. In diesem umfassenden Leitfaden erfahren Sie alles, was Sie wissen m\u00fcssen, um den idealen Zeitpunkt f\u00fcr Ihre Reise nach Ibiza zu w\u00e4hlen.<\/p>\n<figure class=\"wp-block-image size-large\"><img decoding=\"async\" width=\"1200\" height=\"800\" data-src=\"https:\/\/ibizaruralvillas.com\/wp-content\/uploads\/2026\/01\/art88_optimized_20260123_121217_630ba7-2.webp\" alt=\"Wann ist die beste Reisezeit f\u00fcr Ibiza?\" class=\"wp-image-31833 lazyload\" data-srcset=\"https:\/\/ibizaruralvillas.com\/wp-content\/uploads\/2026\/01\/art88_optimized_20260123_121217_630ba7-2.webp 1200w, https:\/\/ibizaruralvillas.com\/wp-content\/uploads\/2026\/01\/art88_optimized_20260123_121217_630ba7-2-300x200.webp 300w, https:\/\/ibizaruralvillas.com\/wp-content\/uploads\/2026\/01\/art88_optimized_20260123_121217_630ba7-2-1024x683.webp 1024w, https:\/\/ibizaruralvillas.com\/wp-content\/uploads\/2026\/01\/art88_optimized_20260123_121217_630ba7-2-768x512.webp 768w\" data-sizes=\"(max-width: 1200px) 100vw, 1200px\" src=\"data:image\/svg+xml;base64,PHN2ZyB3aWR0aD0iMSIgaGVpZ2h0PSIxIiB4bWxucz0iaHR0cDovL3d3dy53My5vcmcvMjAwMC9zdmciPjwvc3ZnPg==\" style=\"--smush-placeholder-width: 1200px; --smush-placeholder-aspect-ratio: 1200\/800;\" \/><\/figure>\n<\/p>\n<p><h2>Hauptsaison: Juni bis September<\/h2>\n<\/p>\n        <div class=\"irv-villas-cta-section irv-villas-cta--standalone\">\r\n            <div class=\"irv-villas-cta-header\">\r\n                <span class=\"irv-villas-cta-label\">Empfohlene Unterk\u00fcnfte<\/span>\r\n                <h3 class=\"irv-villas-cta-title\">Finden Sie Ihre perfekte Villa auf Ibiza<\/h3>\r\n            <\/div>\r\n            <div class=\"irv-villas-cta-grid\">\r\n                                            <div class=\"irv-villa-card\">\r\n            <a href=\"https:\/\/ibizaruralvillas.com\/de\/dorfer\/san-jose-de\/el-torreon\/\" class=\"irv-villa-card__link\">\r\n                <div class=\"irv-villa-card__image\">\r\n                    <img decoding=\"async\" data-src=\"https:\/\/ibizaruralvillas.com\/wp-content\/uploads\/2026\/02\/La-Torre-9-300x200.jpg\" alt=\"EL TORREON\" src=\"data:image\/svg+xml;base64,PHN2ZyB3aWR0aD0iMSIgaGVpZ2h0PSIxIiB4bWxucz0iaHR0cDovL3d3dy53My5vcmcvMjAwMC9zdmciPjwvc3ZnPg==\" class=\"lazyload\" style=\"--smush-placeholder-width: 300px; --smush-placeholder-aspect-ratio: 300\/200;\">\r\n                    <span class=\"irv-villa-card__location\">\r\n                        <svg width=\"12\" height=\"12\" viewBox=\"0 0 24 24\" fill=\"currentColor\">\r\n                            <path d=\"M12 2C8.13 2 5 5.13 5 9c0 5.25 7 13 7 13s7-7.75 7-13c0-3.87-3.13-7-7-7zm0 9.5c-1.38 0-2.5-1.12-2.5-2.5s1.12-2.5 2.5-2.5 2.5 1.12 2.5 2.5-1.12 2.5-2.5 2.5z\"\/>\r\n                        <\/svg>\r\n                        San Jos\u00e9                    <\/span>\r\n                <\/div>\r\n                <div class=\"irv-villa-card__content\">\r\n                    <h4 class=\"irv-villa-card__title\">EL TORREON<\/h4>\r\n                    <div class=\"irv-villa-card__features\">\r\n                                                    <span class=\"irv-villa-card__feature\">\r\n                                <svg width=\"14\" height=\"14\" viewBox=\"0 0 24 24\" fill=\"none\" stroke=\"currentColor\" stroke-width=\"2\">\r\n                                    <path d=\"M17 21v-2a4 4 0 0 0-4-4H5a4 4 0 0 0-4 4v2\"\/>\r\n                                    <circle cx=\"9\" cy=\"7\" r=\"4\"\/>\r\n                                    <path d=\"M23 21v-2a4 4 0 0 0-3-3.87\"\/>\r\n                                    <path d=\"M16 3.13a4 4 0 0 1 0 7.75\"\/>\r\n                                <\/svg>\r\n                                7                            <\/span>\r\n                                                                            <span class=\"irv-villa-card__feature\">\r\n                                <svg width=\"14\" height=\"14\" viewBox=\"0 0 24 24\" fill=\"none\" stroke=\"currentColor\" stroke-width=\"2\">\r\n                                    <path d=\"M3 7v11a2 2 0 0 0 2 2h14a2 2 0 0 0 2-2V7\"\/>\r\n                                    <path d=\"M21 7H3a2 2 0 0 1-2-2V4a2 2 0 0 1 2-2h18a2 2 0 0 1 2 2v1a2 2 0 0 1-2 2z\"\/>\r\n                                <\/svg>\r\n                                4                            <\/span>\r\n                                                                            <span class=\"irv-villa-card__feature\">\r\n                                <svg width=\"14\" height=\"14\" viewBox=\"0 0 24 24\" fill=\"none\" stroke=\"currentColor\" stroke-width=\"2\">\r\n                                    <path d=\"M9 6 6.5 3.5a1.5 1.5 0 0 0-1-.5C4.7 3 4 3.7 4 4.5V17a2 2 0 0 0 2 2h12a2 2 0 0 0 2-2v-5\"\/>\r\n                                    <line x1=\"10\" y1=\"5\" x2=\"8\" y2=\"7\"\/>\r\n                                    <line x1=\"2\" y1=\"12\" x2=\"22\" y2=\"12\"\/>\r\n                                    <line x1=\"7\" y1=\"19\" x2=\"7\" y2=\"21\"\/>\r\n                                    <line x1=\"17\" y1=\"19\" x2=\"17\" y2=\"21\"\/>\r\n                                <\/svg>\r\n                                4                            <\/span>\r\n                                            <\/div>\r\n                <\/div>\r\n            <\/a>\r\n        <\/div>\r\n                                                    <div class=\"irv-villa-card\">\r\n            <a href=\"https:\/\/ibizaruralvillas.com\/de\/dorfer\/san-jose-de\/can-pujol\/\" class=\"irv-villa-card__link\">\r\n                <div class=\"irv-villa-card__image\">\r\n                    <img decoding=\"async\" data-src=\"https:\/\/ibizaruralvillas.com\/wp-content\/uploads\/2023\/01\/villa-ibiza-can-pujol-1-300x200.jpg\" alt=\"CAN PUJOL\" src=\"data:image\/svg+xml;base64,PHN2ZyB3aWR0aD0iMSIgaGVpZ2h0PSIxIiB4bWxucz0iaHR0cDovL3d3dy53My5vcmcvMjAwMC9zdmciPjwvc3ZnPg==\" class=\"lazyload\" style=\"--smush-placeholder-width: 300px; --smush-placeholder-aspect-ratio: 300\/200;\">\r\n                    <span class=\"irv-villa-card__location\">\r\n                        <svg width=\"12\" height=\"12\" viewBox=\"0 0 24 24\" fill=\"currentColor\">\r\n                            <path d=\"M12 2C8.13 2 5 5.13 5 9c0 5.25 7 13 7 13s7-7.75 7-13c0-3.87-3.13-7-7-7zm0 9.5c-1.38 0-2.5-1.12-2.5-2.5s1.12-2.5 2.5-2.5 2.5 1.12 2.5 2.5-1.12 2.5-2.5 2.5z\"\/>\r\n                        <\/svg>\r\n                        Benimusa                    <\/span>\r\n                <\/div>\r\n                <div class=\"irv-villa-card__content\">\r\n                    <h4 class=\"irv-villa-card__title\">CAN PUJOL<\/h4>\r\n                    <div class=\"irv-villa-card__features\">\r\n                                                    <span class=\"irv-villa-card__feature\">\r\n                                <svg width=\"14\" height=\"14\" viewBox=\"0 0 24 24\" fill=\"none\" stroke=\"currentColor\" stroke-width=\"2\">\r\n                                    <path d=\"M17 21v-2a4 4 0 0 0-4-4H5a4 4 0 0 0-4 4v2\"\/>\r\n                                    <circle cx=\"9\" cy=\"7\" r=\"4\"\/>\r\n                                    <path d=\"M23 21v-2a4 4 0 0 0-3-3.87\"\/>\r\n                                    <path d=\"M16 3.13a4 4 0 0 1 0 7.75\"\/>\r\n                                <\/svg>\r\n                                10                            <\/span>\r\n                                                                            <span class=\"irv-villa-card__feature\">\r\n                                <svg width=\"14\" height=\"14\" viewBox=\"0 0 24 24\" fill=\"none\" stroke=\"currentColor\" stroke-width=\"2\">\r\n                                    <path d=\"M3 7v11a2 2 0 0 0 2 2h14a2 2 0 0 0 2-2V7\"\/>\r\n                                    <path d=\"M21 7H3a2 2 0 0 1-2-2V4a2 2 0 0 1 2-2h18a2 2 0 0 1 2 2v1a2 2 0 0 1-2 2z\"\/>\r\n                                <\/svg>\r\n                                5                            <\/span>\r\n                                                                            <span class=\"irv-villa-card__feature\">\r\n                                <svg width=\"14\" height=\"14\" viewBox=\"0 0 24 24\" fill=\"none\" stroke=\"currentColor\" stroke-width=\"2\">\r\n                                    <path d=\"M9 6 6.5 3.5a1.5 1.5 0 0 0-1-.5C4.7 3 4 3.7 4 4.5V17a2 2 0 0 0 2 2h12a2 2 0 0 0 2-2v-5\"\/>\r\n                                    <line x1=\"10\" y1=\"5\" x2=\"8\" y2=\"7\"\/>\r\n                                    <line x1=\"2\" y1=\"12\" x2=\"22\" y2=\"12\"\/>\r\n                                    <line x1=\"7\" y1=\"19\" x2=\"7\" y2=\"21\"\/>\r\n                                    <line x1=\"17\" y1=\"19\" x2=\"17\" y2=\"21\"\/>\r\n                                <\/svg>\r\n                                5                            <\/span>\r\n                                            <\/div>\r\n                <\/div>\r\n            <\/a>\r\n        <\/div>\r\n                                                    <div class=\"irv-villa-card\">\r\n            <a href=\"https:\/\/ibizaruralvillas.com\/de\/dorfer\/san-jose-de\/can-parras\/\" class=\"irv-villa-card__link\">\r\n                <div class=\"irv-villa-card__image\">\r\n                    <img decoding=\"async\" data-src=\"https:\/\/ibizaruralvillas.com\/wp-content\/uploads\/2023\/01\/ibiza-villa-can-parras-1-300x200.jpg\" alt=\"CAN PARRAS\" src=\"data:image\/svg+xml;base64,PHN2ZyB3aWR0aD0iMSIgaGVpZ2h0PSIxIiB4bWxucz0iaHR0cDovL3d3dy53My5vcmcvMjAwMC9zdmciPjwvc3ZnPg==\" class=\"lazyload\" style=\"--smush-placeholder-width: 300px; --smush-placeholder-aspect-ratio: 300\/200;\">\r\n                    <span class=\"irv-villa-card__location\">\r\n                        <svg width=\"12\" height=\"12\" viewBox=\"0 0 24 24\" fill=\"currentColor\">\r\n                            <path d=\"M12 2C8.13 2 5 5.13 5 9c0 5.25 7 13 7 13s7-7.75 7-13c0-3.87-3.13-7-7-7zm0 9.5c-1.38 0-2.5-1.12-2.5-2.5s1.12-2.5 2.5-2.5 2.5 1.12 2.5 2.5-1.12 2.5-2.5 2.5z\"\/>\r\n                        <\/svg>\r\n                        Cala Vadella                    <\/span>\r\n                <\/div>\r\n                <div class=\"irv-villa-card__content\">\r\n                    <h4 class=\"irv-villa-card__title\">CAN PARRAS<\/h4>\r\n                    <div class=\"irv-villa-card__features\">\r\n                                                    <span class=\"irv-villa-card__feature\">\r\n                                <svg width=\"14\" height=\"14\" viewBox=\"0 0 24 24\" fill=\"none\" stroke=\"currentColor\" stroke-width=\"2\">\r\n                                    <path d=\"M17 21v-2a4 4 0 0 0-4-4H5a4 4 0 0 0-4 4v2\"\/>\r\n                                    <circle cx=\"9\" cy=\"7\" r=\"4\"\/>\r\n                                    <path d=\"M23 21v-2a4 4 0 0 0-3-3.87\"\/>\r\n                                    <path d=\"M16 3.13a4 4 0 0 1 0 7.75\"\/>\r\n                                <\/svg>\r\n                                7                            <\/span>\r\n                                                                            <span class=\"irv-villa-card__feature\">\r\n                                <svg width=\"14\" height=\"14\" viewBox=\"0 0 24 24\" fill=\"none\" stroke=\"currentColor\" stroke-width=\"2\">\r\n                                    <path d=\"M3 7v11a2 2 0 0 0 2 2h14a2 2 0 0 0 2-2V7\"\/>\r\n                                    <path d=\"M21 7H3a2 2 0 0 1-2-2V4a2 2 0 0 1 2-2h18a2 2 0 0 1 2 2v1a2 2 0 0 1-2 2z\"\/>\r\n                                <\/svg>\r\n                                3                            <\/span>\r\n                                                                            <span class=\"irv-villa-card__feature\">\r\n                                <svg width=\"14\" height=\"14\" viewBox=\"0 0 24 24\" fill=\"none\" stroke=\"currentColor\" stroke-width=\"2\">\r\n                                    <path d=\"M9 6 6.5 3.5a1.5 1.5 0 0 0-1-.5C4.7 3 4 3.7 4 4.5V17a2 2 0 0 0 2 2h12a2 2 0 0 0 2-2v-5\"\/>\r\n                                    <line x1=\"10\" y1=\"5\" x2=\"8\" y2=\"7\"\/>\r\n                                    <line x1=\"2\" y1=\"12\" x2=\"22\" y2=\"12\"\/>\r\n                                    <line x1=\"7\" y1=\"19\" x2=\"7\" y2=\"21\"\/>\r\n                                    <line x1=\"17\" y1=\"19\" x2=\"17\" y2=\"21\"\/>\r\n                                <\/svg>\r\n                                3                            <\/span>\r\n                                            <\/div>\r\n                <\/div>\r\n            <\/a>\r\n        <\/div>\r\n                                    <\/div>\r\n            <div class=\"irv-villas-cta-footer\">\r\n                <a href=\"\/alquilar\/\" class=\"irv-villas-cta-button\">\r\n                    Alle Villen ansehen                    <svg width=\"16\" height=\"16\" viewBox=\"0 0 24 24\" fill=\"none\" stroke=\"currentColor\" stroke-width=\"2\">\r\n                        <path d=\"M5 12h14M12 5l7 7-7 7\"\/>\r\n                    <\/svg>\r\n                <\/a>\r\n            <\/div>\r\n        <\/div>\r\n        \n<p><p>Die <strong>Hauptsaison auf Ibiza<\/strong> umfasst die Sommermonate von Juni bis September. In dieser Zeit erwacht die Insel mit ihrer lebhaftesten Atmosph\u00e4re zum Leben:<\/p>\n<\/p>\n<ul>\n<li><strong>Ideale Temperaturen<\/strong>: Zwischen 25\u00b0C und 32\u00b0C, perfekt f\u00fcr den Strandgenuss<\/li>\n<li><strong>Warmes Meer<\/strong>: Das Mittelmeer erreicht Temperaturen von 24-26\u00b0C, ideal zum Schwimmen<\/li>\n<li><strong>Aktives Nachtleben<\/strong>: Die bekanntesten Clubs wie Pacha, Amnesia und Ushua\u00efa laufen auf Hochtouren<\/li>\n<li><strong>Events und Festivals<\/strong>: Die Insel beherbergt zahlreiche Musik- und Kulturveranstaltungen<\/li>\n<\/ul>\n<p><p>Die Hauptsaison bedeutet jedoch auch <strong>h\u00f6here Preise<\/strong> f\u00fcr Unterk\u00fcnfte und Dienstleistungen sowie vollere Str\u00e4nde. Wenn Sie in dieser Zeit eine Villa auf Ibiza mieten m\u00f6chten, empfehlen wir eine Reservierung mindestens 3-4 Monate im Voraus.<\/p>\n<\/p>\n<p><h2>Zwischensaison: Mai und Oktober<\/h2>\n<\/p>\n<p><p>F\u00fcr viele erfahrene Reisende ist die <strong>beste Reisezeit f\u00fcr Ibiza<\/strong> w\u00e4hrend der Zwischensaison. Mai und Oktober bieten ein perfektes Gleichgewicht:<\/p>\n<\/p>\n<p><h3>Mai: Die Insel erwacht<\/h3>\n<ul>\n<li>Angenehme Temperaturen zwischen 18\u00b0C und 24\u00b0C<\/li>\n<li>Wildblumen bedecken die Felder im Landesinneren<\/li>\n<li>Unter der Woche sind die Str\u00e4nde fast leer<\/li>\n<li>Die Strandclubs beginnen zu \u00f6ffnen<\/li>\n<li>Preise bis zu 30% niedriger als im Sommer<\/li>\n<\/ul>\n<p><h3>Oktober: Der verl\u00e4ngerte Sommer<\/h3>\n<ul>\n<li>Das Meer speichert noch die W\u00e4rme des Sommers (22-24\u00b0C)<\/li>\n<li>Entspanntes Ambiente nach dem Sommertrubel<\/li>\n<li>Legend\u00e4re Saisonabschluss-Partys<\/li>\n<li>Ideal zum Wandern und f\u00fcr Outdoor-Sportarten<\/li>\n<li>Spektakul\u00e4re Sonnenunterg\u00e4nge<\/li>\n<\/ul>\n<p><h2>Nebensaison: November bis April<\/h2>\n<\/p>\n<p><p>Obwohl viele Lokale im Winter schlie\u00dfen, hat die <strong>Nebensaison auf Ibiza<\/strong> ihren ganz eigenen Charme:<\/p>\n<\/p>\n<ul>\n<li><strong>Absolute Ruhe<\/strong>: Die Insel kehrt zu ihrer traditionellen Essenz zur\u00fcck<\/li>\n<li><strong>Sehr g\u00fcnstige Preise<\/strong>: Bis zu 50% Rabatt auf Unterk\u00fcnfte<\/li>\n<li><strong>Mildes Klima<\/strong>: Temperaturen zwischen 10\u00b0C und 18\u00b0C, ideal f\u00fcr Ausfl\u00fcge<\/li>\n<li><strong>Authentische Gastronomie<\/strong>: Lokale Restaurants servieren traditionelle ibizenkische K\u00fcche<\/li>\n<\/ul>\n<p><p>Dies ist die perfekte Zeit, um das <strong>authentische Ibiza<\/strong> kennenzulernen: seine wei\u00dfen D\u00f6rfer, traditionellen M\u00e4rkte und unber\u00fchrte Landschaften.<\/p>\n<\/p>\n<p><h2>Wann reisen je nach Ihrem Profil?<\/h2>\n<\/p>\n<p><h3>Wenn Sie Party und Stimmung suchen<\/h3>\n<p>Ohne Zweifel sind <strong>Juli und August<\/strong> Ihre Monate. Die besten DJs der Welt treten auf der Insel auf und die Partyatmosph\u00e4re ist unvergleichlich. Buchen Sie Ihre Villa im Voraus und bereiten Sie sich auf unvergessliche N\u00e4chte vor.<\/p>\n<\/p>\n<p><h3>Wenn Sie mit der Familie reisen<\/h3>\n<p><strong>Juni oder September<\/strong> sind ideal f\u00fcr Familien. Das Wetter ist perfekt, die Str\u00e4nde sind weniger \u00fcberf\u00fcllt als im August und die Preise sind vern\u00fcnftiger. Villen mit privatem Pool sind besonders empfehlenswert f\u00fcr Reisen mit Kindern.<\/p>\n<figure class=\"wp-block-image size-large\"><img decoding=\"async\" width=\"1200\" height=\"800\" data-src=\"https:\/\/ibizaruralvillas.com\/wp-content\/uploads\/2026\/01\/art88_optimized_20260123_121339_e521f5-2.webp\" alt=\"Wann ist die beste Reisezeit f\u00fcr Ibiza?\" class=\"wp-image-31836 lazyload\" data-srcset=\"https:\/\/ibizaruralvillas.com\/wp-content\/uploads\/2026\/01\/art88_optimized_20260123_121339_e521f5-2.webp 1200w, https:\/\/ibizaruralvillas.com\/wp-content\/uploads\/2026\/01\/art88_optimized_20260123_121339_e521f5-2-300x200.webp 300w, https:\/\/ibizaruralvillas.com\/wp-content\/uploads\/2026\/01\/art88_optimized_20260123_121339_e521f5-2-1024x683.webp 1024w, https:\/\/ibizaruralvillas.com\/wp-content\/uploads\/2026\/01\/art88_optimized_20260123_121339_e521f5-2-768x512.webp 768w\" data-sizes=\"(max-width: 1200px) 100vw, 1200px\" src=\"data:image\/svg+xml;base64,PHN2ZyB3aWR0aD0iMSIgaGVpZ2h0PSIxIiB4bWxucz0iaHR0cDovL3d3dy53My5vcmcvMjAwMC9zdmciPjwvc3ZnPg==\" style=\"--smush-placeholder-width: 1200px; --smush-placeholder-aspect-ratio: 1200\/800;\" \/><\/figure>\n<\/p>\n<p><h3>Wenn Sie Ruhe und Natur suchen<\/h3>\n<p><strong>Mai oder Oktober<\/strong> erm\u00f6glichen es Ihnen, die Insel in Ihrem eigenen Tempo zu genie\u00dfen. Wanderwege, versteckte Buchten und magische Sonnenunterg\u00e4nge an Es Vedr\u00e0 ohne Menschenmassen.<\/p>\n<\/p>\n<p><h3>Wenn Sie ein begrenztes Budget haben<\/h3>\n<p>Die <strong>Nebensaison (November-April)<\/strong> bietet die besten Preise. Auch wenn einige Aktivit\u00e4ten nicht verf\u00fcgbar sind, werden Sie ein anderes und authentisches Ibiza entdecken.<\/p>\n<\/p>\n<p><h2>Klima in Ibiza Monat f\u00fcr Monat<\/h2>\n<\/p>\n<p><p>Um Ihnen bei der Planung zu helfen, finden Sie hier eine \u00dcbersicht \u00fcber das Klima auf Ibiza im Jahresverlauf:<\/p>\n<\/p>\n<ul>\n<li><strong>Januar-Februar<\/strong>: 8-15\u00b0C, M\u00f6glichkeit von Regen, kurze Tage<\/li>\n<li><strong>M\u00e4rz-April<\/strong>: 12-19\u00b0C, der Fr\u00fchling erreicht die Insel<\/li>\n<li><strong>Mai<\/strong>: 16-23\u00b0C, ideale Zeit f\u00fcr Outdoor-Aktivit\u00e4ten<\/li>\n<li><strong>Juni<\/strong>: 20-28\u00b0C, Beginn der Strandsaison<\/li>\n<li><strong>Juli-August<\/strong>: 24-32\u00b0C, mediterraner Hochsommer<\/li>\n<li><strong>September<\/strong>: 22-28\u00b0C, das Meer ist am w\u00e4rmsten<\/li>\n<li><strong>Oktober<\/strong>: 18-24\u00b0C, Altweibersommer<\/li>\n<li><strong>November-Dezember<\/strong>: 12-18\u00b0C, ruhige Atmosph\u00e4re und niedrige Preise<\/li>\n<\/ul>\n<p><h2>H\u00e4ufig gestellte Fragen zur besten Reisezeit f\u00fcr Ibiza<\/h2>\n<\/p>\n<p><h3>Wann ist es am g\u00fcnstigsten, nach Ibiza zu reisen?<\/h3>\n<p>Die Monate November bis April bieten die niedrigsten Preise f\u00fcr Fl\u00fcge und Unterk\u00fcnfte. Wenn Sie jedoch gutes Wetter genie\u00dfen m\u00f6chten, kombinieren Mai und Oktober vern\u00fcnftige Preise mit angenehmem Klima.<\/p>\n<\/p>\n<p><h3>Kann man im Mai auf Ibiza baden?<\/h3>\n<p>Ja, obwohl das Wasser noch etwas frisch sein kann (18-20\u00b0C). Ende Mai steigen die Temperaturen und das Baden wird angenehmer. Wenn Sie in einer Villa mit beheiztem Pool wohnen, haben Sie die perfekte L\u00f6sung.<\/p>\n<\/p>\n<p><h3>Wann schlie\u00dfen die Clubs auf Ibiza?<\/h3>\n<p>Die meisten Clubs schlie\u00dfen Mitte Oktober und \u00f6ffnen im Mai wieder. Die Abschlussfeiern im Oktober sind legend\u00e4r und sehr begehrt.<\/p>\n<\/p>\n<p><h3>Regnet es viel auf Ibiza?<\/h3>\n<p>Ibiza hat ein mediterranes Klima mit Regen haupts\u00e4chlich im Herbst und Winter. Von Mai bis September sind die Niederschl\u00e4ge sehr gering, mit durchschnittlich 300 Sonnentagen im Jahr.<\/p>\n<\/p>\n<p><figure class=\"wp-block-image size-large\"><img decoding=\"async\" width=\"1200\" height=\"800\" data-src=\"https:\/\/ibizaruralvillas.com\/wp-content\/uploads\/2026\/01\/art88_optimized_20260123_121445_2ade50-2.webp\" alt=\"Wann ist die beste Reisezeit f\u00fcr Ibiza?\" class=\"wp-image-31839 lazyload\" data-srcset=\"https:\/\/ibizaruralvillas.com\/wp-content\/uploads\/2026\/01\/art88_optimized_20260123_121445_2ade50-2.webp 1200w, https:\/\/ibizaruralvillas.com\/wp-content\/uploads\/2026\/01\/art88_optimized_20260123_121445_2ade50-2-300x200.webp 300w, https:\/\/ibizaruralvillas.com\/wp-content\/uploads\/2026\/01\/art88_optimized_20260123_121445_2ade50-2-1024x683.webp 1024w, https:\/\/ibizaruralvillas.com\/wp-content\/uploads\/2026\/01\/art88_optimized_20260123_121445_2ade50-2-768x512.webp 768w\" data-sizes=\"(max-width: 1200px) 100vw, 1200px\" src=\"data:image\/svg+xml;base64,PHN2ZyB3aWR0aD0iMSIgaGVpZ2h0PSIxIiB4bWxucz0iaHR0cDovL3d3dy53My5vcmcvMjAwMC9zdmciPjwvc3ZnPg==\" style=\"--smush-placeholder-width: 1200px; --smush-placeholder-aspect-ratio: 1200\/800;\" \/><\/figure>\n<h2>Fazit: Ihr perfekter Zeitpunkt f\u00fcr Ibiza<\/h2>\n<\/p>\n<p><p>Es gibt keine einzige <strong>beste Reisezeit f\u00fcr Ibiza<\/strong>: Es h\u00e4ngt von Ihren Vorlieben, Ihrem Budget und der Art von Erfahrung ab, die Sie suchen. Was wir Ihnen jedoch garantieren k\u00f6nnen, ist, dass die Insel Sie mit ihrem besonderen Licht, ihren kristallklaren Buchten und ihrer einzigartigen Atmosph\u00e4re verzaubern wird, egal wann Sie sich entscheiden, sie zu besuchen.<\/p>\n<\/p>\n<p><p>Wenn Sie \u00fcberlegen, eine Villa f\u00fcr Ihren n\u00e4chsten Ibiza-Urlaub zu mieten, empfehlen wir Ihnen, <strong>im Voraus zu buchen<\/strong>, insbesondere wenn Sie in der Hauptsaison reisen. Eine private Villa bietet Ihnen die Freiheit, die Insel in Ihrem eigenen Tempo zu genie\u00dfen, mit dem Komfort, nach einem Erkundungstag Ihren eigenen Raum zum Entspannen zu haben.<\/p>\n<\/p>\n        <div class=\"irv-blog-villas-container irv-blog-villas--articles-only\">\r\n                    <article class=\"irv-post-card irv-post-card--featured\">\r\n            <a href=\"https:\/\/ibizaruralvillas.com\/de\/was-einpacken-ibiza-urlaub\/\" class=\"irv-post-card__link\">\r\n                <div class=\"irv-post-card__image\">\r\n                    <img decoding=\"async\" data-src=\"https:\/\/ibizaruralvillas.com\/wp-content\/uploads\/2026\/03\/que-llevar-ibiza-10-768x438.webp\" alt=\"Was sollte man f\u00fcr den Ibiza-Urlaub einpacken?\" src=\"data:image\/svg+xml;base64,PHN2ZyB3aWR0aD0iMSIgaGVpZ2h0PSIxIiB4bWxucz0iaHR0cDovL3d3dy53My5vcmcvMjAwMC9zdmciPjwvc3ZnPg==\" class=\"lazyload\" style=\"--smush-placeholder-width: 768px; --smush-placeholder-aspect-ratio: 768\/438;\">\r\n                                            <span class=\"irv-post-card__category\">Gu\u00edas de Alojamiento<\/span>\r\n                                    <\/div>\r\n                <div class=\"irv-post-card__content\">\r\n                    <h3 class=\"irv-post-card__title\">Was sollte man f\u00fcr den Ibiza-Urlaub einpacken?<\/h3>\r\n                                            <p class=\"irv-post-card__excerpt\">Das Kofferpacken f\u00fcr Ibiza mag einfach erscheinen \u2014 Sonne, Strand, leichte Kleidung \u2014 doch es gibt Details, die den Unterschied...<\/p>\r\n                                        <span class=\"irv-post-card__date\">16 M\u00e4rz 2026<\/span>\r\n                <\/div>\r\n            <\/a>\r\n        <\/article>\r\n                <article class=\"irv-post-card \">\r\n            <a href=\"https:\/\/ibizaruralvillas.com\/de\/wie-komme-ich-nach-ibiza\/\" class=\"irv-post-card__link\">\r\n                <div class=\"irv-post-card__image\">\r\n                    <img decoding=\"async\" data-src=\"https:\/\/ibizaruralvillas.com\/wp-content\/uploads\/2026\/03\/como-llegar-ibiza-13-768x438.webp\" alt=\"Wie komme ich von Festland-Spanien und Europa nach Ibiza?\" src=\"data:image\/svg+xml;base64,PHN2ZyB3aWR0aD0iMSIgaGVpZ2h0PSIxIiB4bWxucz0iaHR0cDovL3d3dy53My5vcmcvMjAwMC9zdmciPjwvc3ZnPg==\" class=\"lazyload\" style=\"--smush-placeholder-width: 768px; --smush-placeholder-aspect-ratio: 768\/438;\">\r\n                                            <span class=\"irv-post-card__category\">Gu\u00edas de Alojamiento<\/span>\r\n                                    <\/div>\r\n                <div class=\"irv-post-card__content\">\r\n                    <h3 class=\"irv-post-card__title\">Wie komme ich von Festland-Spanien und Europa nach Ibiza?<\/h3>\r\n                                        <span class=\"irv-post-card__date\">16 M\u00e4rz 2026<\/span>\r\n                <\/div>\r\n            <\/a>\r\n        <\/article>\r\n                <article class=\"irv-post-card \">\r\n            <a href=\"https:\/\/ibizaruralvillas.com\/de\/brauche-ich-ein-auto-um-mich-auf-ibiza-zu-bewegen\/\" class=\"irv-post-card__link\">\r\n                <div class=\"irv-post-card__image\">\r\n                    <img decoding=\"async\" data-src=\"https:\/\/ibizaruralvillas.com\/wp-content\/uploads\/2026\/02\/art90_optimized_20260127_143910_b064bc-4-768x512.webp\" alt=\"Brauche ich ein Auto, um mich auf Ibiza zu bewegen?\" src=\"data:image\/svg+xml;base64,PHN2ZyB3aWR0aD0iMSIgaGVpZ2h0PSIxIiB4bWxucz0iaHR0cDovL3d3dy53My5vcmcvMjAwMC9zdmciPjwvc3ZnPg==\" class=\"lazyload\" style=\"--smush-placeholder-width: 768px; --smush-placeholder-aspect-ratio: 768\/512;\">\r\n                                            <span class=\"irv-post-card__category\">Gu\u00edas de Alojamiento<\/span>\r\n                                    <\/div>\r\n                <div class=\"irv-post-card__content\">\r\n                    <h3 class=\"irv-post-card__title\">Brauche ich ein Auto, um mich auf Ibiza zu bewegen?<\/h3>\r\n                                        <span class=\"irv-post-card__date\">24 Feb. 2026<\/span>\r\n                <\/div>\r\n            <\/a>\r\n        <\/article>\r\n                <\/div>\r\n        \n","protected":false},"excerpt":{"rendered":"<p>Planen Sie Ihren Urlaub auf Ibiza und fragen sich, welche die beste Reisezeit f\u00fcr die Insel ist? Die Antwort h\u00e4ngt stark davon ab, was Sie suchen: ruhige Str\u00e4nde, legend\u00e4re Partys, g\u00fcnstigere Preise oder perfektes Wetter zum Erkunden. In diesem umfassenden Leitfaden erfahren Sie alles, was Sie wissen m\u00fcssen, um den idealen Zeitpunkt f\u00fcr Ihre Reise [&hellip;]<\/p>\n","protected":false},"author":1,"featured_media":31841,"comment_status":"closed","ping_status":"closed","sticky":false,"template":"","format":"standard","meta":{"_acf_changed":false,"site-sidebar-layout":"default","site-content-layout":"","ast-site-content-layout":"default","site-content-style":"default","site-sidebar-style":"default","ast-global-header-display":"","ast-banner-title-visibility":"","ast-main-header-display":"","ast-hfb-above-header-display":"","ast-hfb-below-header-display":"","ast-hfb-mobile-header-display":"","site-post-title":"","ast-breadcrumbs-content":"","ast-featured-img":"","footer-sml-layout":"","ast-disable-related-posts":"","theme-transparent-header-meta":"","adv-header-id-meta":"","stick-header-meta":"","header-above-stick-meta":"","header-main-stick-meta":"","header-below-stick-meta":"","astra-migrate-meta-layouts":"default","ast-page-background-enabled":"default","ast-page-background-meta":{"desktop":{"background-color":"var(--ast-global-color-4)","background-image":"","background-repeat":"repeat","background-position":"center center","background-size":"auto","background-attachment":"scroll","background-type":"","background-media":"","overlay-type":"","overlay-color":"","overlay-opacity":"","overlay-gradient":""},"tablet":{"background-color":"","background-image":"","background-repeat":"repeat","background-position":"center center","background-size":"auto","background-attachment":"scroll","background-type":"","background-media":"","overlay-type":"","overlay-color":"","overlay-opacity":"","overlay-gradient":""},"mobile":{"background-color":"","background-image":"","background-repeat":"repeat","background-position":"center center","background-size":"auto","background-attachment":"scroll","background-type":"","background-media":"","overlay-type":"","overlay-color":"","overlay-opacity":"","overlay-gradient":""}},"ast-content-background-meta":{"desktop":{"background-color":"var(--ast-global-color-5)","background-image":"","background-repeat":"repeat","background-position":"center center","background-size":"auto","background-attachment":"scroll","background-type":"","background-media":"","overlay-type":"","overlay-color":"","overlay-opacity":"","overlay-gradient":""},"tablet":{"background-color":"var(--ast-global-color-5)","background-image":"","background-repeat":"repeat","background-position":"center center","background-size":"auto","background-attachment":"scroll","background-type":"","background-media":"","overlay-type":"","overlay-color":"","overlay-opacity":"","overlay-gradient":""},"mobile":{"background-color":"var(--ast-global-color-5)","background-image":"","background-repeat":"repeat","background-position":"center center","background-size":"auto","background-attachment":"scroll","background-type":"","background-media":"","overlay-type":"","overlay-color":"","overlay-opacity":"","overlay-gradient":""}},"_joinchat":[],"footnotes":""},"categories":[2448],"tags":[],"class_list":["post-31844","post","type-post","status-publish","format-standard","has-post-thumbnail","hentry","category-guias-alojamiento"],"acf":[],"featured_image_src":"https:\/\/ibizaruralvillas.com\/wp-content\/uploads\/2026\/01\/art88_optimized_20260123_121445_2ade50-2-1024x683.webp","_links":{"self":[{"href":"https:\/\/ibizaruralvillas.com\/de\/wp-json\/wp\/v2\/posts\/31844","targetHints":{"allow":["GET"]}}],"collection":[{"href":"https:\/\/ibizaruralvillas.com\/de\/wp-json\/wp\/v2\/posts"}],"about":[{"href":"https:\/\/ibizaruralvillas.com\/de\/wp-json\/wp\/v2\/types\/post"}],"author":[{"embeddable":true,"href":"https:\/\/ibizaruralvillas.com\/de\/wp-json\/wp\/v2\/users\/1"}],"replies":[{"embeddable":true,"href":"https:\/\/ibizaruralvillas.com\/de\/wp-json\/wp\/v2\/comments?post=31844"}],"version-history":[{"count":1,"href":"https:\/\/ibizaruralvillas.com\/de\/wp-json\/wp\/v2\/posts\/31844\/revisions"}],"predecessor-version":[{"id":31849,"href":"https:\/\/ibizaruralvillas.com\/de\/wp-json\/wp\/v2\/posts\/31844\/revisions\/31849"}],"wp:featuredmedia":[{"embeddable":true,"href":"https:\/\/ibizaruralvillas.com\/de\/wp-json\/wp\/v2\/media\/31841"}],"wp:attachment":[{"href":"https:\/\/ibizaruralvillas.com\/de\/wp-json\/wp\/v2\/media?parent=31844"}],"wp:term":[{"taxonomy":"category","embeddable":true,"href":"https:\/\/ibizaruralvillas.com\/de\/wp-json\/wp\/v2\/categories?post=31844"},{"taxonomy":"post_tag","embeddable":true,"href":"https:\/\/ibizaruralvillas.com\/de\/wp-json\/wp\/v2\/tags?post=31844"}],"curies":[{"name":"wp","href":"https:\/\/api.w.org\/{rel}","templated":true}]}}